{"id":6573,"date":"2022-08-28T14:18:15","date_gmt":"2022-08-28T14:18:15","guid":{"rendered":"https:\/\/ancellevarese.it\/carlosonzini\/?p=6573"},"modified":"2022-08-28T14:45:10","modified_gmt":"2022-08-28T14:45:10","slug":"carlo-sonzini-un-profilo","status":"publish","type":"post","link":"https:\/\/ancellevarese.it\/carlosonzini\/carlo-sonzini-un-profilo\/","title":{"rendered":"Carlo Sonzini: un profilo"},"content":{"rendered":"\t\t<div data-elementor-type=\"wp-post\" data-elementor-id=\"6573\" class=\"elementor elementor-6573\">\n\t\t\t\t\t\t<div class=\"elementor-inner\">\n\t\t\t\t<div class=\"elementor-section-wrap\">\n\t\t\t\t\t\t\t\t\t<section class=\"elementor-section elementor-top-section elementor-element elementor-element-4541d37 elementor-section-boxed elementor-section-height-default elementor-section-height-default\" data-id=\"4541d37\" data-element_type=\"section\">\n\t\t\t\t\t\t<div class=\"elementor-container elementor-column-gap-default\">\n\t\t\t\t\t\t\t<div class=\"elementor-row\">\n\t\t\t\t\t<div class=\"elementor-column elementor-col-100 elementor-top-column elementor-element elementor-element-905192a\" data-id=\"905192a\" data-element_type=\"column\">\n\t\t\t<div class=\"elementor-column-wrap elementor-element-populated\">\n\t\t\t\t\t\t\t<div class=\"elementor-widget-wrap\">\n\t\t\t\t\t\t<div class=\"elementor-element elementor-element-ebcf893 elementor-widget elementor-widget-text-editor\" data-id=\"ebcf893\" data-element_type=\"widget\" data-widget_type=\"text-editor.default\">\n\t\t\t\t<div class=\"elementor-widget-container\">\n\t\t\t\t\t\t\t\t<div class=\"elementor-text-editor elementor-clearfix\">\n\t\t\t\t<p style=\"font-weight: 400;\"><strong>Carlo Sonzini<\/strong> nacque a Malnate (Va) il 24 giugno 1878, ultimo di cinque figli di Giuseppe e Carolina Buzzi.\u00a0Dopo le scuole elementari frequent\u00f2 le prime tre classi ginnasiali a Milano presso l&#8217;oratorio di S. Carlo, mentre era ospite del sacerdote assistente della chiesa di S. Maria della Vittoria. Entr\u00f2 poi nel seminario di S. Pietro martire a Seveso, dove continu\u00f2 e concluse il ginnasio.<\/p><p style=\"font-weight: 400;\">Dal 1894 al 1897 stette nel seminario liceale arcivescovile di Monza; uno dei suoi professori era il servo di Dio mons. Luigi Talamoni, eccezio\u00adnale figura di prete e di educatore, che lasci\u00f2 un forte segno nella sua anima, perch\u00e9\u00a0 uomo di Dio, tutto consacrato alla verit\u00e0 e al bene: fu cos\u00ec anche di lui.\u00a0Nel 1897 pass\u00f2 al seminario teologico di Milano, e venne ordinato sacerdote nel duomo di Milano il 1 giugno 1901 dall&#8217;arcivescovo beato cardinale Andrea Carlo Ferrari.<\/p>\t\t\t\t\t<\/div>\n\t\t\t\t\t\t<\/div>\n\t\t\t\t<\/div>\n\t\t\t\t<div class=\"elementor-element elementor-element-17e0479 elementor-widget elementor-widget-image\" data-id=\"17e0479\" data-element_type=\"widget\" data-widget_type=\"image.default\">\n\t\t\t\t<div class=\"elementor-widget-container\">\n\t\t\t\t\t\t\t\t<div class=\"elementor-image\">\n\t\t\t\t\t\t\t\t\t\t\t\t<img width=\"1024\" height=\"735\" src=\"https:\/\/ancellevarese.it\/carlosonzini\/wp-content\/uploads\/2021\/12\/NUOVE_SCANSIONI_-8-1024x735.jpeg\" class=\"attachment-large size-large\" alt=\"Verso il Sacerdozio: il chierico Carlo Sonzini in un momento di distensione con alcuni compagni\" loading=\"lazy\" srcset=\"https:\/\/ancellevarese.it\/carlosonzini\/wp-content\/uploads\/2021\/12\/NUOVE_SCANSIONI_-8-1024x735.jpeg 1024w, https:\/\/ancellevarese.it\/carlosonzini\/wp-content\/uploads\/2021\/12\/NUOVE_SCANSIONI_-8-300x215.jpeg 300w, https:\/\/ancellevarese.it\/carlosonzini\/wp-content\/uploads\/2021\/12\/NUOVE_SCANSIONI_-8-768x551.jpeg 768w, https:\/\/ancellevarese.it\/carlosonzini\/wp-content\/uploads\/2021\/12\/NUOVE_SCANSIONI_-8-1536x1103.jpeg 1536w, https:\/\/ancellevarese.it\/carlosonzini\/wp-content\/uploads\/2021\/12\/NUOVE_SCANSIONI_-8-2048x1470.jpeg 2048w, https:\/\/ancellevarese.it\/carlosonzini\/wp-content\/uploads\/2021\/12\/NUOVE_SCANSIONI_-8-600x431.jpeg 600w, https:\/\/ancellevarese.it\/carlosonzini\/wp-content\/uploads\/2021\/12\/NUOVE_SCANSIONI_-8-560x402.jpeg 560w\" sizes=\"(max-width: 1024px) 100vw, 1024px\" \/>\t\t\t\t\t\t\t\t\t\t\t\t\t\t<\/div>\n\t\t\t\t\t\t<\/div>\n\t\t\t\t<\/div>\n\t\t\t\t<div class=\"elementor-element elementor-element-58141bd elementor-widget elementor-widget-text-editor\" data-id=\"58141bd\" data-element_type=\"widget\" data-widget_type=\"text-editor.default\">\n\t\t\t\t<div class=\"elementor-widget-container\">\n\t\t\t\t\t\t\t\t<div class=\"elementor-text-editor elementor-clearfix\">\n\t\t\t\t<h3>Docente<\/h3><p><span style=\"font-weight: 400;\">La prima sua destinazione fu il <\/span><b>Collegio De Filippi<\/b><span style=\"font-weight: 400;\"> ad Arona in qualit\u00e0 di vice\u00adrettore e insegnante di religione. Il 9 novembre entr\u00f2 a far parte degli <\/span><b>Oblati di S. Carlo<\/b>. Di Don Carlo Sonzini scriver\u00e0 P. Enrico Motta: &#8220;Vice retto\u00adre ad Arona: zelo, indefessit\u00e0, deferenza al Superiore, cordialit\u00e0 coi colleghi; affascina gli alunni&#8221;.\u00a0<\/p><p><span style=\"font-weight: 400; letter-spacing: 0px;\">Nel 1909 don Carlo venne trasferito nel <\/span><span style=\"letter-spacing: 0px;\"><b>seminario ginnasiale di Seveso<\/b><\/span><span style=\"font-weight: 400; letter-spacing: 0px;\"> come vice rettore e insegnante. Mons. Carlo Confalonieri, segretario di Pio Xl, dir\u00e0 il 25 luglio 1926 di essere in gran parte debitore della propria spirituale for\u00admazione al suo ex vicerettore e professore don Sonzini per quello spirito di fede che egli sempre sapeva trasfondere nell&#8217;animo dei suoi allievi.\u00a0<\/span><span style=\"font-weight: 400; letter-spacing: 0px;\">Fin dai primi anni di scuola don Carlo aveva manifestato rara intelligenza e chiara vocazione nello studio, racco\u00adgliendo buoni frutti. Ai giovani del collegio e ai chierici del seminario apriva il suo grande cuore. Anche chi riceve\u00adva da lui una correzione aveva l&#8217;impressione di essere da lui ben\u00ad voluto. Suo era il meto\u00addo educativo di S. Giovanni Bosco.<\/span><\/p><h3>Canonico a Varese<\/h3><p><span style=\"font-weight: 400;\">Il 1\u00b0 gennaio 1914 don Carlo venne a <\/span><b>Varese<\/b> quale canonico teologo della basilica di S. Vittore. La ridente cittadina era in pieno sviluppo commerciale e turistico, ma risentiva delle vicende difficili del tempo, in campo religioso e civile, nazionale e internazionale.\u00a0<span style=\"letter-spacing: 0px;\">Don Carlo incominci\u00f2 subito il suo lavoro sacerdotale con equilibrio umano, spirito di fede e grande passione pasto\u00adrale; la gente fece presto a conoscerlo e a stimarlo.<\/span><\/p><p><span style=\"font-weight: 400;\">La sua attivit\u00e0 apostolica cominci\u00f2 con la fondazione di un <\/span><b>corso su\u00adperiore di religione per signore e signorine<\/b>, assai contrastato dal mondo laico e massone. A poco a poco, ma con decisione, egli divent\u00f2 la guida del mondo femminile locale, delle ragazze, delle donne, delle religiose. Il suo confessionale fu subito molto affollato da penitenti di tutte le et\u00e0. Qui le anime gli si aprivano in sincerit\u00e0 ed egli aveva modo di conoscere, di capire, di aiutare. Egli dava Dio, e chi cercava Dio era attratto da suoi consigli a fortemente volere. E avviava alla piena consacrazione a Dio anime generose da lui guidate.<\/p><p style=\"font-weight: 400;\">Don Sonzini predicava bene: ogni suo sermone era una lezione attentamente preparata. Dal pulpito, ma pi\u00f9 ancora dal confessionale, si spri\u00adgionava quello che\u00a0 un dono dello Spirito Santo, la penetrazione dei cuori.<\/p>\t\t\t\t\t<\/div>\n\t\t\t\t\t\t<\/div>\n\t\t\t\t<\/div>\n\t\t\t\t<div class=\"elementor-element elementor-element-304b6f9 elementor-widget elementor-widget-image\" data-id=\"304b6f9\" data-element_type=\"widget\" data-widget_type=\"image.default\">\n\t\t\t\t<div class=\"elementor-widget-container\">\n\t\t\t\t\t\t\t\t<div class=\"elementor-image\">\n\t\t\t\t\t\t\t\t\t\t\t\t<img width=\"1024\" height=\"693\" src=\"https:\/\/ancellevarese.it\/carlosonzini\/wp-content\/uploads\/2020\/08\/NUOVE_SCANSIONI_-2-1024x693.jpeg\" class=\"attachment-large size-large\" alt=\"il direttore del Luce, don Sonzini, attorniato dai suoi primi collaboratori\" loading=\"lazy\" srcset=\"https:\/\/ancellevarese.it\/carlosonzini\/wp-content\/uploads\/2020\/08\/NUOVE_SCANSIONI_-2-1024x693.jpeg 1024w, https:\/\/ancellevarese.it\/carlosonzini\/wp-content\/uploads\/2020\/08\/NUOVE_SCANSIONI_-2-300x203.jpeg 300w, https:\/\/ancellevarese.it\/carlosonzini\/wp-content\/uploads\/2020\/08\/NUOVE_SCANSIONI_-2-768x520.jpeg 768w, https:\/\/ancellevarese.it\/carlosonzini\/wp-content\/uploads\/2020\/08\/NUOVE_SCANSIONI_-2-1536x1040.jpeg 1536w, https:\/\/ancellevarese.it\/carlosonzini\/wp-content\/uploads\/2020\/08\/NUOVE_SCANSIONI_-2-2048x1386.jpeg 2048w, https:\/\/ancellevarese.it\/carlosonzini\/wp-content\/uploads\/2020\/08\/NUOVE_SCANSIONI_-2-600x406.jpeg 600w, https:\/\/ancellevarese.it\/carlosonzini\/wp-content\/uploads\/2020\/08\/NUOVE_SCANSIONI_-2-560x379.jpeg 560w\" sizes=\"(max-width: 1024px) 100vw, 1024px\" \/>\t\t\t\t\t\t\t\t\t\t\t\t\t\t<\/div>\n\t\t\t\t\t\t<\/div>\n\t\t\t\t<\/div>\n\t\t\t\t<div class=\"elementor-element elementor-element-615af51 elementor-widget elementor-widget-text-editor\" data-id=\"615af51\" data-element_type=\"widget\" data-widget_type=\"text-editor.default\">\n\t\t\t\t<div class=\"elementor-widget-container\">\n\t\t\t\t\t\t\t\t<div class=\"elementor-text-editor elementor-clearfix\">\n\t\t\t\t<h3>Apostolo della Stampa<\/h3><p><span style=\"font-weight: 400;\">All&#8217;inizio del 1914 nasceva a Varese il settimanale cattolico <\/span><b><i>Luce!<\/i><\/b>, al quale lo stesso don Sonzini subito collabor\u00f2; ne divenne direttore l&#8217;anno seguente per decisione dell&#8217;arcivescovo sostituendo don Carlo Rudoni, chia\u00admato alle armi. In lui il sacerdote e il giornalista non erano mai divisi.\u00a0<\/p><p>&#8220;Ci sforzeremo&#8221;, scriveva, &#8220;di essere il meglio possibile incon\u00adfutabili araldi del p\u00adensiero cattolico&#8221;. Compiva il suo lavoro con regolarit\u00e0 esasperante. Sentiva questo, suo impe\u00adgno, assunto per obbedienza, come un&#8217;autentica missione non inferiore a quella strettamente sacerdotale. \u201cIl gior\u00adnalista cattolico deve essere apostolo e come tale deve votarsi alla causa di Dio e delle anime in perfetta dedizio\u00adne e immolazione\u201d.\u00a0<span style=\"letter-spacing: 0px;\">Era un giornalista completo: \u201cIl giornale nostro non si deve occupare soltanto della vita religiosa, ma anche di quel\u00adla civile e di tutte le questioni interessanti la prosperit\u00e0 e l&#8217;avvenire dei nostri paesi\u201d.<\/span><\/p><p style=\"font-weight: 400;\">Nella storia nazionale del lavoro dovrebbe trovare posto il nome di don Carlo Sonzini, difensore delle classi lavora\u00adtrici, pronto sempre a levare la sua voce chiara e forte a favore della donna, per una sua costante rielevazione.\u00a0<span style=\"letter-spacing: 0px;\">Coraggiosamente militante, don Carlo fu un grande moralizzatore. Combatt\u00e8 fortemente ogni tipo di malcostume, dalla moda alla pornografia, dalla bestemmia al ballo, agli spettacoli scandalosi.\u00a0<\/span><span style=\"letter-spacing: 0px;\">Oper\u00f2 ardentemente per l&#8217;istruzione religiosa nelle scuole, per il ritorno del Crocifisso nelle aule, per la recita del padre nostro degli alunni, in difesa della stampa cattolica, delle iniziative a favore del prossimo bisognoso. Don Sonzini ebbe una grande prudenza giornalistica e sacerdotale; go\u00addeva simpatie anche presso gli avversari. Egli combatteva gli errori, non le persone. La carit\u00e0 di Cristo era la luce che rischiarava costantemente il suo faticoso cammino.<\/span><\/p><p><span style=\"font-weight: 400;\">La vita del <i>Luce!<\/i> si consolid\u00f2 cos\u00ec che si arriv\u00f2, bench\u00e9 con tante difficolt\u00e0, alla fondazione della <\/span><b>Tipografia dell&#8217; Ad\u00addolorata<\/b>, nel 1918, che don Sonzini leg\u00f2 poi al seminario arcivescovile di Venegono.<\/p><p><span style=\"font-weight: 400;\">La sua preparazione, le sue ricche esperienze giornalistiche fecero s\u00ec che l&#8217;arcivescovo di Milano cardinale Eugenio Tosi, nel marzo 1926, affidasse a don Sonzini un incarico molto pesante: essere suo rappresentante nel quotidiano cattolico <\/span><b><i>L&#8217;Italia<\/i><\/b>, non soddisfacente nel suo andamento, anche per il riassetto della sua barcollante situazione finan\u00adziaria.\u00a0<span style=\"letter-spacing: 0px;\">Missione importante e delicata, che cost\u00f2 moltissimo a don Carlo. Il quale, nel gennaio 1927, anche per motivi di sa\u00adlute, pregava l&#8217;arcivescovo di dispensarlo dall&#8217;incarico affidatogli.<\/span><\/p><p style=\"font-weight: 400;\">\u201cUn solo pensiero mi conforta in questo momento: quello di avere agito in ogni occasione mosso unicamente dall&#8217;impulso della coscienza e dall&#8217;amore che porto a V. E,. nella cui persona vedo e sento di onorare il Supremo Pastore Ges\u00f9 Cristo. Avessi potuto continuare l&#8217;opera mia sino alla fine\u201d.<\/p><p style=\"font-weight: 400;\">Nella tipografia del \u201cLuce!\u201d i dipendenti respiravano un&#8217;aria di fami\u00adglia. Don Sonzini non era solo direttore, ma an\u00adche padre e operaio tra i suoi operai, da lui bene scelti, e sapeva badare ad ogni loro necessit\u00e0 ma\u00adteriale e spirituale. Dava tutto quanto era loro dovuto, e si interessava delle rispettive famiglie, della salute e del crescere dei figli. Con prontezza e discrezione li sosteneva con aiuto concreto nei momenti del bisogno; sapeva con riserbo delicato fare i richiami opportuni; nessuno mai venne licenziato.<\/p><p style=\"font-weight: 400;\">Ogni anno don Sonzini organizzava a sue spese gli esercizi spirituali, ai quali ognuno era libero di partecipare.\u00a0<span style=\"letter-spacing: 0px;\">Tra i suoi operai, che sapevano di lavorare per una buona causa, ci furono parecchie vocazioni sacerdotali.\u00a0<\/span><span style=\"letter-spacing: 0px;\">Davanti all&#8217;altare sul quale don Sonzini celebrava i suoi 25 anni di sacerdozio, c&#8217;erano i suoi dodici operai; i padrini della S. Messa solenne erano due dei suoi collaboratori.<\/span><\/p>\t\t\t\t\t<\/div>\n\t\t\t\t\t\t<\/div>\n\t\t\t\t<\/div>\n\t\t\t\t<div class=\"elementor-element elementor-element-bab9ef4 elementor-widget elementor-widget-image\" data-id=\"bab9ef4\" data-element_type=\"widget\" data-widget_type=\"image.default\">\n\t\t\t\t<div class=\"elementor-widget-container\">\n\t\t\t\t\t\t\t\t<div class=\"elementor-image\">\n\t\t\t\t\t\t\t\t\t\t\t\t<img width=\"1024\" height=\"630\" src=\"https:\/\/ancellevarese.it\/carlosonzini\/wp-content\/uploads\/1923\/08\/Santa_Zita-1024x630.jpg\" class=\"attachment-large size-large\" alt=\"Associazione Santa Zita\" loading=\"lazy\" srcset=\"https:\/\/ancellevarese.it\/carlosonzini\/wp-content\/uploads\/1923\/08\/Santa_Zita-1024x630.jpg 1024w, https:\/\/ancellevarese.it\/carlosonzini\/wp-content\/uploads\/1923\/08\/Santa_Zita-300x185.jpg 300w, https:\/\/ancellevarese.it\/carlosonzini\/wp-content\/uploads\/1923\/08\/Santa_Zita-768x472.jpg 768w, https:\/\/ancellevarese.it\/carlosonzini\/wp-content\/uploads\/1923\/08\/Santa_Zita-1536x945.jpg 1536w, https:\/\/ancellevarese.it\/carlosonzini\/wp-content\/uploads\/1923\/08\/Santa_Zita-2048x1260.jpg 2048w, https:\/\/ancellevarese.it\/carlosonzini\/wp-content\/uploads\/1923\/08\/Santa_Zita-600x369.jpg 600w, https:\/\/ancellevarese.it\/carlosonzini\/wp-content\/uploads\/1923\/08\/Santa_Zita-560x344.jpg 560w\" sizes=\"(max-width: 1024px) 100vw, 1024px\" \/>\t\t\t\t\t\t\t\t\t\t\t\t\t\t<\/div>\n\t\t\t\t\t\t<\/div>\n\t\t\t\t<\/div>\n\t\t\t\t<div class=\"elementor-element elementor-element-f0bd000 elementor-widget elementor-widget-text-editor\" data-id=\"f0bd000\" data-element_type=\"widget\" data-widget_type=\"text-editor.default\">\n\t\t\t\t<div class=\"elementor-widget-container\">\n\t\t\t\t\t\t\t\t<div class=\"elementor-text-editor elementor-clearfix\">\n\t\t\t\t<h3>Apostolo della Donna<\/h3><p style=\"font-weight: 400;\">A Varese, presso l&#8217;orfanotrofio dell&#8217;Addolorata, fondato e tenuto dalle Pie Signore di Nazareth, c&#8217;era l&#8217;oratorio femminile festivo, frequentato anche dalle domestiche, per lo pi\u00f9 molto giovani.\u00a0<span style=\"letter-spacing: 0px;\">La domenica pomeriggio don Sonzini vi si recava, e le incontrava, ascoltandone i non pochi problemi. Succedevano cose molto gravi: c&#8217;erano domestiche sedotte, abbandonate, che arrivavano anche al suicidio.<\/span><\/p><p><span style=\"font-weight: 400;\">Don Carlo aveva gi\u00e0 dato vita ad una <\/span><b>Associazione di Santa Zita<\/b>, per le domestiche, affidandole alle Suore della Ri\u00adparazione; ora per\u00f2 si imponeva una valida opera per soccorrere le giovani vittime di queste insidie e per aiutare le altre a non cadere. Don Sonzini pens\u00f2 ad una <b>\u201cCasa per le domestiche\u201d<\/b> che riusc\u00ec ad avviare nel 1934 acquistando un vecchio edi\u00adficio che provvide subito a ben sistemare, e che intitol\u00f2 a S. Giuseppe come protettore, senza scorag\u00adgiarsi per ostacoli ed incomprensioni. Vi vennero accolte le giovani in arrivo per trovare un sicuro posto di lavoro. Furono promosse iniziative varie per la loro formazione religiosa e di lavoro; si us\u00f2 una particolare attenzione ai casi delicati.<\/p><p><span style=\"font-weight: 400;\">Il grosso problema di giovani donne capaci di provvedere al funzionamento della Casa e al servizio delle ospiti non era di facile soluzione; don Sonzini arriv\u00f2 gradatamente alla fondazione di una famiglia religiosa, le <\/span><b>Ancelle di S. Giuseppe<\/b>, eretta \u00a0in congregazione religiosa di diritto diocesano il 21 novembre 1951. La Casa S. Giuseppe fu subi\u00adto conosciuta e apprezzata; in numerosi casi trepidi oper\u00f2 tanto bene.<\/p><p style=\"font-weight: 400;\">Lo sviluppo industriale fece s\u00ec che diminuissero le domestiche e che a Varese arrivassero giovani operaie le quali nella Casa, i cui trenta posti erano sempre occupati, trovarono sicura accoglienza e assistenza. L&#8217;amore paterno di don Sonzini lasci\u00f2 un segno profondo in parecchie di queste operaie; egli le seguiva anche quando tornavano alle lo\u00adro case; tra di esse fiorirono vocazioni religiose.<\/p><p style=\"font-weight: 400;\">La carit\u00e0 di don Carlo, con la collaborazione delle sue Ancelle, fu molto viva negli anni difficili della guerra, ospi\u00adtando ebrei ricercati, gli sfollati dalle citt\u00e0 bombardate, i profughi dalle localit\u00e0 giuliane.<\/p><p style=\"font-weight: 400;\">Due altri delicatissimi problemi addolorarono il grande cuore di don Sonzini. Dove e come finivano le anziane do\u00admestiche e le vecchie parenti di sacerdoti morti in povert\u00e0? Per loro non c&#8217;erano norme previdenziali. Per gli stessi sacerdoti vecchi, ammalati, poveri, cosa si faceva? Ancora niente o troppo poco. In modo si direbbe miracoloso il Signore aiut\u00f2 don Carlo ad avviare queste opere provvidenziali.<\/p><p style=\"font-weight: 400;\">Don Carlo Sonzini, nominato prelato domestico di Sua Santit\u00e0 nel 1942, nel 1951 compiva 50 anni di sacerdozio. A Varese si fece festa a questo prete che in ogni istante della sua sacra, laboriosissima esistenza \u00e8 stato a disposizione del prossimo, impegnato costantemente ad educare, ad amare, a salvare anime.<\/p><p style=\"font-weight: 400;\">Mons. Sonzini continuava a lavorare, pur avendo un fisico tutt&#8217;altro che forte, senza dar retta ai medici che lo esor\u00adtavano a risparmiarsi. \u201cMi riposer\u00f2 in Paradiso. Qui ci sono anime da salvare\u201d. C&#8217;erano le opere di carit\u00e0 da mandare avanti bene. Formare le sue Ancelle era per lui un impegno tale da non essere mai posposto agli altri. Nelle sue te\u00adnerissime, paterne attenzioni si poteva avvertire un grande fuoco: il desiderio, l&#8217;ansia di trasmettere in tali anime tutto il meglio di ogni virt\u00f9 nell&#8217;abbagliante luce dell&#8217;amore di Dio.<\/p><p style=\"font-weight: 400;\">Nell&#8217;agosto 1952 Monsignore si ammal\u00f2, e la sua salute progressivamente peggior\u00f2 fino alla morte avvenuta il 5 feb\u00adbraio 1957. In quegli anni di sofferenza lucida e paziente egli fu sempre padre e maestro, abbandonandosi filialmen\u00adte nelle mani di Ges\u00f9 e di Maria. \u201cUn pensiero mi con\u00adforta e mi solleva: quello della Mamma celeste che sento di amare tanto e vorrei amare infinitamente di pi\u00f9. Ella mi ha sempre tenuto unito al suo Ges\u00f9; Ella fu sempre la ragione della mia speranza\u201d.\u00a0<span style=\"letter-spacing: 0px;\">Cos\u00ec aveva scritto nel suo testamento spirituale.<\/span><\/p>\t\t\t\t\t<\/div>\n\t\t\t\t\t\t<\/div>\n\t\t\t\t<\/div>\n\t\t\t\t<div class=\"elementor-element elementor-element-fe47fa4 elementor-widget elementor-widget-image\" data-id=\"fe47fa4\" data-element_type=\"widget\" data-widget_type=\"image.default\">\n\t\t\t\t<div class=\"elementor-widget-container\">\n\t\t\t\t\t\t\t\t<div class=\"elementor-image\">\n\t\t\t\t\t\t\t\t\t\t\t\t<img width=\"1024\" height=\"716\" src=\"https:\/\/ancellevarese.it\/carlosonzini\/wp-content\/uploads\/2022\/08\/montini-1024x716.jpg\" class=\"attachment-large size-large\" alt=\"Malato, riceve una visita dell&#039;Arcivescovo Montini\" loading=\"lazy\" srcset=\"https:\/\/ancellevarese.it\/carlosonzini\/wp-content\/uploads\/2022\/08\/montini-1024x716.jpg 1024w, https:\/\/ancellevarese.it\/carlosonzini\/wp-content\/uploads\/2022\/08\/montini-300x210.jpg 300w, https:\/\/ancellevarese.it\/carlosonzini\/wp-content\/uploads\/2022\/08\/montini-768x537.jpg 768w, https:\/\/ancellevarese.it\/carlosonzini\/wp-content\/uploads\/2022\/08\/montini-1536x1074.jpg 1536w, https:\/\/ancellevarese.it\/carlosonzini\/wp-content\/uploads\/2022\/08\/montini-2048x1432.jpg 2048w, https:\/\/ancellevarese.it\/carlosonzini\/wp-content\/uploads\/2022\/08\/montini-600x420.jpg 600w, https:\/\/ancellevarese.it\/carlosonzini\/wp-content\/uploads\/2022\/08\/montini-560x392.jpg 560w\" sizes=\"(max-width: 1024px) 100vw, 1024px\" \/>\t\t\t\t\t\t\t\t\t\t\t\t\t\t<\/div>\n\t\t\t\t\t\t<\/div>\n\t\t\t\t<\/div>\n\t\t\t\t<div class=\"elementor-element elementor-element-0143cb9 elementor-widget elementor-widget-text-editor\" data-id=\"0143cb9\" data-element_type=\"widget\" data-widget_type=\"text-editor.default\">\n\t\t\t\t<div class=\"elementor-widget-container\">\n\t\t\t\t\t\t\t\t<div class=\"elementor-text-editor elementor-clearfix\">\n\t\t\t\t<p>Tutta la citt\u00e0 manifest\u00f2 il suo dolore per la morte di questo sacerdote apostolo della Verit\u00e0 e della carit\u00e0; il funerale fu veramente una apoteosi.\u00a0<span style=\"letter-spacing: 0px;\">Alla morte di mons. Sonzini si ebbero numerose attestazioni della sua esemplarit\u00e0 sacerdotale e della convinzione di avere in Cielo un nuovo buon protettore.<\/span><\/p><p style=\"font-weight: 400;\">Fu considerato santo alla sua morte e la fama della sua santit\u00e0 non venne mai meno negli anni successivi: ricordiamo la traslazione della sua salma dal cimitero di Varese alla cappella delle Pie Ancelle di S. Giuseppe, avvenuta nel 1980, e la commemorazione del trentesimo anniversario della sua morte.\u00a0<\/p><p style=\"font-weight: 400;\">&#8220;Egli&#8221; \u2011scrisse il vescovo mons. Luigi Ol\u00addani\u2011 &#8220;non dimentic\u00f2 mai nemmeno un istante di essere sacerdote e di dover essere un sacerdo\u00adte santo&#8221;.<\/p>\t\t\t\t\t<\/div>\n\t\t\t\t\t\t<\/div>\n\t\t\t\t<\/div>\n\t\t\t\t<div class=\"elementor-element elementor-element-102aa94 elementor-widget elementor-widget-image\" data-id=\"102aa94\" data-element_type=\"widget\" data-widget_type=\"image.default\">\n\t\t\t\t<div class=\"elementor-widget-container\">\n\t\t\t\t\t\t\t\t<div class=\"elementor-image\">\n\t\t\t\t\t\t\t\t\t\t\t\t<img width=\"792\" height=\"1024\" src=\"https:\/\/ancellevarese.it\/carlosonzini\/wp-content\/uploads\/2022\/08\/sonzini-792x1024.jpg\" class=\"attachment-large size-large\" alt=\"Ritratto di mons. Carlo Sonzini\" loading=\"lazy\" srcset=\"https:\/\/ancellevarese.it\/carlosonzini\/wp-content\/uploads\/2022\/08\/sonzini-792x1024.jpg 792w, https:\/\/ancellevarese.it\/carlosonzini\/wp-content\/uploads\/2022\/08\/sonzini-232x300.jpg 232w, https:\/\/ancellevarese.it\/carlosonzini\/wp-content\/uploads\/2022\/08\/sonzini-768x993.jpg 768w, https:\/\/ancellevarese.it\/carlosonzini\/wp-content\/uploads\/2022\/08\/sonzini-1188x1536.jpg 1188w, https:\/\/ancellevarese.it\/carlosonzini\/wp-content\/uploads\/2022\/08\/sonzini-464x600.jpg 464w, https:\/\/ancellevarese.it\/carlosonzini\/wp-content\/uploads\/2022\/08\/sonzini-433x560.jpg 433w, https:\/\/ancellevarese.it\/carlosonzini\/wp-content\/uploads\/2022\/08\/sonzini-600x775.jpg 600w, https:\/\/ancellevarese.it\/carlosonzini\/wp-content\/uploads\/2022\/08\/sonzini.jpg 1501w\" sizes=\"(max-width: 792px) 100vw, 792px\" \/>\t\t\t\t\t\t\t\t\t\t\t\t\t\t<\/div>\n\t\t\t\t\t\t<\/div>\n\t\t\t\t<\/div>\n\t\t\t\t<div class=\"elementor-element elementor-element-95436bf elementor-widget elementor-widget-text-editor\" data-id=\"95436bf\" data-element_type=\"widget\" data-widget_type=\"text-editor.default\">\n\t\t\t\t<div class=\"elementor-widget-container\">\n\t\t\t\t\t\t\t\t<div class=\"elementor-text-editor elementor-clearfix\">\n\t\t\t\t<p style=\"font-weight: 400;\">Don Carlo Sonzini si presenta come un modello che sprona i suoi con\u00adfratelli ad una piena corrispondenza alla pro\u00adpria grande vocazione. Egli fu davvero un uomo di Dio e questa chiara coscienza della sua vocazione ne spiega tut\u00adta la vita e le opere. Dell&#8217;uomo di Dio ebbe la fede, una fede robusta ed illuminata di cui fu ad un tempo maestro ed esempio. La fede gli diede il sorriso del santo, la fortezza dell&#8217;apostolo, la costanza del con\u00adfessore .<\/p><p style=\"font-weight: 400;\">\u00c8 viva la sua interiorit\u00e0. \u201cLa volont\u00e0 di Dio non sar\u00e0 la nostra, egli scrisse, se non ci studieremo profondamente, se non rientreremo con molta seriet\u00e0 e buon volere nel santuario della nostra coscienza, nell&#8217;intimit\u00e0 dell&#8217;anima nostra, per vedere quali siano le intenzioni, i pensieri, i sentimenti che ci muovono, ci ispirano e ci determinano nel nostro operare\u201d.<\/p><p style=\"font-weight: 400;\">La preghiera lo assorbiva totalmente. La sua adesione al colloquio con Dio era visibile esteriormente. Forse questo \u00e8 il segreto profondo della sua vita sacerdotale.<\/p><p style=\"font-weight: 400;\">Egli fu sacerdote a tempo pieno: cos\u00ec che non solo al giornale ha dedicato tutte le sue energie, ma in ogni impegno pastorale vi si buttava con tutte le sue forze di cuore e di mente. Fu un prete che riusc\u00ec a non cercare mai il tempo li\u00adbero: senti che il suo tempo era tutto assorbito dalle esigenze dell&#8217;amore di Cristo, amore sommo, amore unico.<\/p><p style=\"font-weight: 400;\">Nella sua vita ha dominato uno spirito sempre proteso al servizio della Verit\u00e0 e al servizio dei fratelli. Ecco la predi\u00adcazione, la instancabile catechesi, l&#8217;impegno sacerdotale di animare cristianamente le vicende del suo tempo.\u00a0<span style=\"letter-spacing: 0px;\">Il suo spirito di carit\u00e0 lo ha spinto non soltanto a dedicarsi a tantis\u00adsime opere, ma soprattutto lo ha portato a vivere l&#8217;attenzione agli ultimi, a coloro che nel suo tempo erano i pi\u00f9 abbandonati, come le domestiche, e a dar vita per loro a iniziative geniali, veramente all&#8217;altezza delle esigenze drammatiche di quell&#8217;epoca.<\/span><\/p><p style=\"font-weight: 400;\">La \u2018diocesanit\u00e0\u2019, come rileva il cardinale Martini, \u201catteggiamento fondamentale della sua vita&#8221;. \u00c8 in lui un\u00a0 particola\u00adre attaccamento al Santo Padre, al cardinale arcivescovo, e un vivo interesse per i sacerdoti. &#8220;In don Sonzini e da don Sonzini&#8221;, scrisse il cardinale Eugenio Tosi, &#8220;trovai le prove pi\u00f9 sincere e pi\u00f9 generose della fedelt\u00e0 e della amorosa coo\u00adperazione al proprio vescovo&#8221;.<\/p><p><span style=\"font-weight: 400;\">La fisionomia di mons. Sonzini \u00e8 fissata in una <\/span><b>caratteristica di dol\u00adcezza<\/b>, che \u00e8 sublimazione della carit\u00e0, che proviene da una pace interiore profonda che ha radici in una religiosit\u00e0 autentica. Don Sonzini era veramente buono. Era la bont\u00e0 a dare l&#8217;impronta, in qualunque occasione, al suo dire e al suo operare. Molte voci che testimoniano la santit\u00e0 della vita di mons. Sonzini sono state raccolte dalle sue figlie spirituali, le Ancelle di S. Giuseppe di Varese. Sono voci di vescovi, di sacerdoti, di religiose; di persone mo\u00addeste e di persone qualificate; di ex operai della Tipografia della Addolorata di Varese.\u00a0<span style=\"letter-spacing: 0px;\">Questo, sacerdote, glorificato dalla Chiesa, potr\u00e0 essere ancora, a tutti, forte esortazione a vivere nobilmente nella fede e nella carit\u00e0.<\/span><\/p><p style=\"font-weight: 400;\">(estratto da &#8220;Civilt\u00e0 Ambrosiana&#8221; 1989, N. 3)<\/p>\t\t\t\t\t<\/div>\n\t\t\t\t\t\t<\/div>\n\t\t\t\t<\/div>\n\t\t\t\t\t\t<\/div>\n\t\t\t\t\t<\/div>\n\t\t<\/div>\n\t\t\t\t\t\t\t\t<\/div>\n\t\t\t\t\t<\/div>\n\t\t<\/section>\n\t\t\t\t\t\t\t\t\t<\/div>\n\t\t\t<\/div>\n\t\t\t\t\t<\/div>\n\t\t","protected":false},"excerpt":{"rendered":"<p>Carlo Sonzini nacque a Malnate (Va) il 24 giugno 1878, ultimo di cinque figli di Giuseppe e Carolina Buzzi.&nbsp;Dopo le scuole elementari frequent\u00f2 le prime tre classi ginnasiali a Milano presso l&#8217;oratorio di S. Carlo, mentre era ospite del sacerdote assistente della chiesa di S. Maria della Vittoria. Entr\u00f2 poi nel seminario di S. Pietro [&hellip;]<\/p>\n","protected":false},"author":1,"featured_media":0,"comment_status":"closed","ping_status":"open","sticky":false,"template":"","format":"standard","meta":[],"categories":[1],"tags":[],"yoast_head":"<!-- This site is optimized with the Yoast SEO plugin v19.9 - https:\/\/yoast.com\/wordpress\/plugins\/seo\/ -->\n<title>Carlo Sonzini: un profilo - Carlo Sonzini<\/title>\n<meta name=\"description\" content=\"Don Carlo Sonzini si presenta come un modello che sprona i suoi confratelli ad una piena corrispondenza alla propria grande vocazione. Egli fu davvero un uomo di Dio e questa chiara coscienza della sua vocazione ne spiega tutta la vita e le opere. Dell&#039;uomo di Dio ebbe la fede, una fede robusta ed illuminata di cui fu ad un tempo maestro ed esempio. La fede gli diede il sorriso del santo, la fortezza dell&#039;apostolo, la costanza del confessore .\" \/>\n<meta name=\"robots\" content=\"index, follow, max-snippet:-1, max-image-preview:large, max-video-preview:-1\" \/>\n<link rel=\"canonical\" href=\"https:\/\/ancellevarese.it\/carlosonzini\/carlo-sonzini-un-profilo\/\" \/>\n<meta property=\"og:locale\" content=\"it_IT\" \/>\n<meta property=\"og:type\" content=\"article\" \/>\n<meta property=\"og:title\" content=\"Carlo Sonzini: un profilo - Carlo Sonzini\" \/>\n<meta property=\"og:description\" content=\"Don Carlo Sonzini si presenta come un modello che sprona i suoi confratelli ad una piena corrispondenza alla propria grande vocazione. Egli fu davvero un uomo di Dio e questa chiara coscienza della sua vocazione ne spiega tutta la vita e le opere. Dell&#039;uomo di Dio ebbe la fede, una fede robusta ed illuminata di cui fu ad un tempo maestro ed esempio. La fede gli diede il sorriso del santo, la fortezza dell&#039;apostolo, la costanza del confessore .\" \/>\n<meta property=\"og:url\" content=\"https:\/\/ancellevarese.it\/carlosonzini\/carlo-sonzini-un-profilo\/\" \/>\n<meta property=\"og:site_name\" content=\"Carlo Sonzini\" \/>\n<meta property=\"article:published_time\" content=\"2022-08-28T14:18:15+00:00\" \/>\n<meta property=\"article:modified_time\" content=\"2022-08-28T14:45:10+00:00\" \/>\n<meta property=\"og:image\" content=\"https:\/\/ancellevarese.it\/carlosonzini\/wp-content\/uploads\/2021\/12\/NUOVE_SCANSIONI_-8-1024x735.jpeg\" \/>\n<meta name=\"author\" content=\"Redazione\" \/>\n<meta name=\"twitter:card\" content=\"summary_large_image\" \/>\n<meta name=\"twitter:label1\" content=\"Scritto da\" \/>\n\t<meta name=\"twitter:data1\" content=\"Redazione\" \/>\n\t<meta name=\"twitter:label2\" content=\"Tempo di lettura stimato\" \/>\n\t<meta name=\"twitter:data2\" content=\"14 minuti\" \/>\n<script type=\"application\/ld+json\" class=\"yoast-schema-graph\">{\"@context\":\"https:\/\/schema.org\",\"@graph\":[{\"@type\":\"WebPage\",\"@id\":\"https:\/\/ancellevarese.it\/carlosonzini\/carlo-sonzini-un-profilo\/\",\"url\":\"https:\/\/ancellevarese.it\/carlosonzini\/carlo-sonzini-un-profilo\/\",\"name\":\"Carlo Sonzini: un profilo - Carlo Sonzini\",\"isPartOf\":{\"@id\":\"https:\/\/ancellevarese.it\/carlosonzini\/#website\"},\"datePublished\":\"2022-08-28T14:18:15+00:00\",\"dateModified\":\"2022-08-28T14:45:10+00:00\",\"author\":{\"@id\":\"https:\/\/ancellevarese.it\/carlosonzini\/#\/schema\/person\/c13ec43675007c56ff389daa6840c24b\"},\"description\":\"Don Carlo Sonzini si presenta come un modello che sprona i suoi confratelli ad una piena corrispondenza alla propria grande vocazione. Egli fu davvero un uomo di Dio e questa chiara coscienza della sua vocazione ne spiega tutta la vita e le opere. Dell'uomo di Dio ebbe la fede, una fede robusta ed illuminata di cui fu ad un tempo maestro ed esempio. La fede gli diede il sorriso del santo, la fortezza dell'apostolo, la costanza del confessore .\",\"breadcrumb\":{\"@id\":\"https:\/\/ancellevarese.it\/carlosonzini\/carlo-sonzini-un-profilo\/#breadcrumb\"},\"inLanguage\":\"it-IT\",\"potentialAction\":[{\"@type\":\"ReadAction\",\"target\":[\"https:\/\/ancellevarese.it\/carlosonzini\/carlo-sonzini-un-profilo\/\"]}]},{\"@type\":\"BreadcrumbList\",\"@id\":\"https:\/\/ancellevarese.it\/carlosonzini\/carlo-sonzini-un-profilo\/#breadcrumb\",\"itemListElement\":[{\"@type\":\"ListItem\",\"position\":1,\"name\":\"Home\",\"item\":\"https:\/\/ancellevarese.it\/carlosonzini\/\"},{\"@type\":\"ListItem\",\"position\":2,\"name\":\"Carlo Sonzini: un profilo\"}]},{\"@type\":\"WebSite\",\"@id\":\"https:\/\/ancellevarese.it\/carlosonzini\/#website\",\"url\":\"https:\/\/ancellevarese.it\/carlosonzini\/\",\"name\":\"Carlo Sonzini\",\"description\":\"Educatore, Giornalista e fondatore delle Suore Ancelle di San Giuseppe\",\"potentialAction\":[{\"@type\":\"SearchAction\",\"target\":{\"@type\":\"EntryPoint\",\"urlTemplate\":\"https:\/\/ancellevarese.it\/carlosonzini\/?s={search_term_string}\"},\"query-input\":\"required name=search_term_string\"}],\"inLanguage\":\"it-IT\"},{\"@type\":\"Person\",\"@id\":\"https:\/\/ancellevarese.it\/carlosonzini\/#\/schema\/person\/c13ec43675007c56ff389daa6840c24b\",\"name\":\"Redazione\",\"image\":{\"@type\":\"ImageObject\",\"inLanguage\":\"it-IT\",\"@id\":\"https:\/\/ancellevarese.it\/carlosonzini\/#\/schema\/person\/image\/\",\"url\":\"https:\/\/secure.gravatar.com\/avatar\/3cbe538881ca51274036a15eef4b647a?s=96&d=mm&r=g\",\"contentUrl\":\"https:\/\/secure.gravatar.com\/avatar\/3cbe538881ca51274036a15eef4b647a?s=96&d=mm&r=g\",\"caption\":\"Redazione\"},\"url\":\"https:\/\/ancellevarese.it\/carlosonzini\/author\/cristiano\/\"}]}<\/script>\n<!-- \/ Yoast SEO plugin. -->","yoast_head_json":{"title":"Carlo Sonzini: un profilo - Carlo Sonzini","description":"Don Carlo Sonzini si presenta come un modello che sprona i suoi confratelli ad una piena corrispondenza alla propria grande vocazione. Egli fu davvero un uomo di Dio e questa chiara coscienza della sua vocazione ne spiega tutta la vita e le opere. Dell'uomo di Dio ebbe la fede, una fede robusta ed illuminata di cui fu ad un tempo maestro ed esempio. La fede gli diede il sorriso del santo, la fortezza dell'apostolo, la costanza del confessore .","robots":{"index":"index","follow":"follow","max-snippet":"max-snippet:-1","max-image-preview":"max-image-preview:large","max-video-preview":"max-video-preview:-1"},"canonical":"https:\/\/ancellevarese.it\/carlosonzini\/carlo-sonzini-un-profilo\/","og_locale":"it_IT","og_type":"article","og_title":"Carlo Sonzini: un profilo - Carlo Sonzini","og_description":"Don Carlo Sonzini si presenta come un modello che sprona i suoi confratelli ad una piena corrispondenza alla propria grande vocazione. Egli fu davvero un uomo di Dio e questa chiara coscienza della sua vocazione ne spiega tutta la vita e le opere. Dell'uomo di Dio ebbe la fede, una fede robusta ed illuminata di cui fu ad un tempo maestro ed esempio. La fede gli diede il sorriso del santo, la fortezza dell'apostolo, la costanza del confessore .","og_url":"https:\/\/ancellevarese.it\/carlosonzini\/carlo-sonzini-un-profilo\/","og_site_name":"Carlo Sonzini","article_published_time":"2022-08-28T14:18:15+00:00","article_modified_time":"2022-08-28T14:45:10+00:00","og_image":[{"url":"https:\/\/ancellevarese.it\/carlosonzini\/wp-content\/uploads\/2021\/12\/NUOVE_SCANSIONI_-8-1024x735.jpeg"}],"author":"Redazione","twitter_card":"summary_large_image","twitter_misc":{"Scritto da":"Redazione","Tempo di lettura stimato":"14 minuti"},"schema":{"@context":"https:\/\/schema.org","@graph":[{"@type":"WebPage","@id":"https:\/\/ancellevarese.it\/carlosonzini\/carlo-sonzini-un-profilo\/","url":"https:\/\/ancellevarese.it\/carlosonzini\/carlo-sonzini-un-profilo\/","name":"Carlo Sonzini: un profilo - Carlo Sonzini","isPartOf":{"@id":"https:\/\/ancellevarese.it\/carlosonzini\/#website"},"datePublished":"2022-08-28T14:18:15+00:00","dateModified":"2022-08-28T14:45:10+00:00","author":{"@id":"https:\/\/ancellevarese.it\/carlosonzini\/#\/schema\/person\/c13ec43675007c56ff389daa6840c24b"},"description":"Don Carlo Sonzini si presenta come un modello che sprona i suoi confratelli ad una piena corrispondenza alla propria grande vocazione. Egli fu davvero un uomo di Dio e questa chiara coscienza della sua vocazione ne spiega tutta la vita e le opere. Dell'uomo di Dio ebbe la fede, una fede robusta ed illuminata di cui fu ad un tempo maestro ed esempio. La fede gli diede il sorriso del santo, la fortezza dell'apostolo, la costanza del confessore .","breadcrumb":{"@id":"https:\/\/ancellevarese.it\/carlosonzini\/carlo-sonzini-un-profilo\/#breadcrumb"},"inLanguage":"it-IT","potentialAction":[{"@type":"ReadAction","target":["https:\/\/ancellevarese.it\/carlosonzini\/carlo-sonzini-un-profilo\/"]}]},{"@type":"BreadcrumbList","@id":"https:\/\/ancellevarese.it\/carlosonzini\/carlo-sonzini-un-profilo\/#breadcrumb","itemListElement":[{"@type":"ListItem","position":1,"name":"Home","item":"https:\/\/ancellevarese.it\/carlosonzini\/"},{"@type":"ListItem","position":2,"name":"Carlo Sonzini: un profilo"}]},{"@type":"WebSite","@id":"https:\/\/ancellevarese.it\/carlosonzini\/#website","url":"https:\/\/ancellevarese.it\/carlosonzini\/","name":"Carlo Sonzini","description":"Educatore, Giornalista e fondatore delle Suore Ancelle di San Giuseppe","potentialAction":[{"@type":"SearchAction","target":{"@type":"EntryPoint","urlTemplate":"https:\/\/ancellevarese.it\/carlosonzini\/?s={search_term_string}"},"query-input":"required name=search_term_string"}],"inLanguage":"it-IT"},{"@type":"Person","@id":"https:\/\/ancellevarese.it\/carlosonzini\/#\/schema\/person\/c13ec43675007c56ff389daa6840c24b","name":"Redazione","image":{"@type":"ImageObject","inLanguage":"it-IT","@id":"https:\/\/ancellevarese.it\/carlosonzini\/#\/schema\/person\/image\/","url":"https:\/\/secure.gravatar.com\/avatar\/3cbe538881ca51274036a15eef4b647a?s=96&d=mm&r=g","contentUrl":"https:\/\/secure.gravatar.com\/avatar\/3cbe538881ca51274036a15eef4b647a?s=96&d=mm&r=g","caption":"Redazione"},"url":"https:\/\/ancellevarese.it\/carlosonzini\/author\/cristiano\/"}]}},"jetpack_featured_media_url":"","_links":{"self":[{"href":"https:\/\/ancellevarese.it\/carlosonzini\/wp-json\/wp\/v2\/posts\/6573"}],"collection":[{"href":"https:\/\/ancellevarese.it\/carlosonzini\/wp-json\/wp\/v2\/posts"}],"about":[{"href":"https:\/\/ancellevarese.it\/carlosonzini\/wp-json\/wp\/v2\/types\/post"}],"author":[{"embeddable":true,"href":"https:\/\/ancellevarese.it\/carlosonzini\/wp-json\/wp\/v2\/users\/1"}],"replies":[{"embeddable":true,"href":"https:\/\/ancellevarese.it\/carlosonzini\/wp-json\/wp\/v2\/comments?post=6573"}],"version-history":[{"count":20,"href":"https:\/\/ancellevarese.it\/carlosonzini\/wp-json\/wp\/v2\/posts\/6573\/revisions"}],"predecessor-version":[{"id":6597,"href":"https:\/\/ancellevarese.it\/carlosonzini\/wp-json\/wp\/v2\/posts\/6573\/revisions\/6597"}],"wp:attachment":[{"href":"https:\/\/ancellevarese.it\/carlosonzini\/wp-json\/wp\/v2\/media?parent=6573"}],"wp:term":[{"taxonomy":"category","embeddable":true,"href":"https:\/\/ancellevarese.it\/carlosonzini\/wp-json\/wp\/v2\/categories?post=6573"},{"taxonomy":"post_tag","embeddable":true,"href":"https:\/\/ancellevarese.it\/carlosonzini\/wp-json\/wp\/v2\/tags?post=6573"}],"curies":[{"name":"wp","href":"https:\/\/api.w.org\/{rel}","templated":true}]}}