{"id":126,"date":"1997-10-16T11:44:00","date_gmt":"1997-10-16T11:44:00","guid":{"rendered":"http:\/\/carlosonzini.local\/?p=126"},"modified":"2022-07-14T18:30:31","modified_gmt":"2022-07-14T18:30:31","slug":"quel-prete-di-varese-che-difendeva-le-donne","status":"publish","type":"post","link":"https:\/\/ancellevarese.it\/carlosonzini\/quel-prete-di-varese-che-difendeva-le-donne\/","title":{"rendered":"Quel prete di Varese che difendeva le donne"},"content":{"rendered":"\t\t<div data-elementor-type=\"wp-post\" data-elementor-id=\"126\" class=\"elementor elementor-126\">\n\t\t\t\t\t\t<div class=\"elementor-inner\">\n\t\t\t\t<div class=\"elementor-section-wrap\">\n\t\t\t\t\t\t\t\t\t<section class=\"elementor-section elementor-top-section elementor-element elementor-element-1db2b6f elementor-section-boxed elementor-section-height-default elementor-section-height-default\" data-id=\"1db2b6f\" data-element_type=\"section\">\n\t\t\t\t\t\t<div class=\"elementor-container elementor-column-gap-default\">\n\t\t\t\t\t\t\t<div class=\"elementor-row\">\n\t\t\t\t\t<div class=\"elementor-column elementor-col-100 elementor-top-column elementor-element elementor-element-2badd66\" data-id=\"2badd66\" data-element_type=\"column\">\n\t\t\t<div class=\"elementor-column-wrap elementor-element-populated\">\n\t\t\t\t\t\t\t<div class=\"elementor-widget-wrap\">\n\t\t\t\t\t\t<div class=\"elementor-element elementor-element-d9e7ed5 elementor-widget elementor-widget-heading\" data-id=\"d9e7ed5\" data-element_type=\"widget\" data-widget_type=\"heading.default\">\n\t\t\t\t<div class=\"elementor-widget-container\">\n\t\t\t<h2 class=\"elementor-heading-title elementor-size-default\">Quel prete di Varese che difendeva le donne<\/h2>\t\t<\/div>\n\t\t\t\t<\/div>\n\t\t\t\t\t\t<\/div>\n\t\t\t\t\t<\/div>\n\t\t<\/div>\n\t\t\t\t\t\t\t\t<\/div>\n\t\t\t\t\t<\/div>\n\t\t<\/section>\n\t\t\t\t<section class=\"elementor-section elementor-top-section elementor-element elementor-element-ebe33b0 elementor-section-boxed elementor-section-height-default elementor-section-height-default\" data-id=\"ebe33b0\" data-element_type=\"section\">\n\t\t\t\t\t\t<div class=\"elementor-container elementor-column-gap-default\">\n\t\t\t\t\t\t\t<div class=\"elementor-row\">\n\t\t\t\t\t<div class=\"elementor-column elementor-col-100 elementor-top-column elementor-element elementor-element-2e8f810\" data-id=\"2e8f810\" data-element_type=\"column\">\n\t\t\t<div class=\"elementor-column-wrap elementor-element-populated\">\n\t\t\t\t\t\t\t<div class=\"elementor-widget-wrap\">\n\t\t\t\t\t\t<div class=\"elementor-element elementor-element-0f87889 elementor-widget elementor-widget-text-editor\" data-id=\"0f87889\" data-element_type=\"widget\" data-widget_type=\"text-editor.default\">\n\t\t\t\t<div class=\"elementor-widget-container\">\n\t\t\t\t\t\t\t\t<div class=\"elementor-text-editor elementor-clearfix\">\n\t\t\t\t<p><em>Famiglia Cristiana n. 22\/1997.<\/em><\/p>\t\t\t\t\t<\/div>\n\t\t\t\t\t\t<\/div>\n\t\t\t\t<\/div>\n\t\t\t\t\t\t<\/div>\n\t\t\t\t\t<\/div>\n\t\t<\/div>\n\t\t\t\t\t\t\t\t<\/div>\n\t\t\t\t\t<\/div>\n\t\t<\/section>\n\t\t\t\t<section class=\"elementor-section elementor-top-section elementor-element elementor-element-22728b1 elementor-section-boxed elementor-section-height-default elementor-section-height-default\" data-id=\"22728b1\" data-element_type=\"section\">\n\t\t\t\t\t\t<div class=\"elementor-container elementor-column-gap-default\">\n\t\t\t\t\t\t\t<div class=\"elementor-row\">\n\t\t\t\t\t<div class=\"elementor-column elementor-col-100 elementor-top-column elementor-element elementor-element-180d163\" data-id=\"180d163\" data-element_type=\"column\">\n\t\t\t<div class=\"elementor-column-wrap elementor-element-populated\">\n\t\t\t\t\t\t\t<div class=\"elementor-widget-wrap\">\n\t\t\t\t\t\t<div class=\"elementor-element elementor-element-e9cae5a elementor-drop-cap-yes elementor-drop-cap-view-default elementor-widget elementor-widget-text-editor\" data-id=\"e9cae5a\" data-element_type=\"widget\" data-settings=\"{&quot;drop_cap&quot;:&quot;yes&quot;}\" data-widget_type=\"text-editor.default\">\n\t\t\t\t<div class=\"elementor-widget-container\">\n\t\t\t\t\t\t\t\t<div class=\"elementor-text-editor elementor-clearfix\">\n\t\t\t\t<p>\u00c8 la storia di un prete che ha raccolto le sfide della modernit\u00e0 e si \u00e8 impegnato a fondo, con il suo carisma di educatore e di abile comunicatore, per la difesa della verit\u00e0 e dei diritti dei pi\u00f9 deboli. Carlo Sonzini (1878-1957) cominci\u00f2 il suo ministero a Varese nel 1913, in un contesto di forte anticlericalismo, determinato dalla massoneria che controllava la vita amministrativa e politica della citt\u00e0.\u00a0<\/p>\t\t\t\t\t<\/div>\n\t\t\t\t\t\t<\/div>\n\t\t\t\t<\/div>\n\t\t\t\t<div class=\"elementor-element elementor-element-80969c7 elementor-widget elementor-widget-text-editor\" data-id=\"80969c7\" data-element_type=\"widget\" data-widget_type=\"text-editor.default\">\n\t\t\t\t<div class=\"elementor-widget-container\">\n\t\t\t\t\t\t\t\t<div class=\"elementor-text-editor elementor-clearfix\">\n\t\t\t\t<p>Fondatore, con altri, del settimanale cattolico\u00a0<em>Luce!<\/em>, ne divenne presto l&#8217;unico direttore e ne fece un valido strumento di educazione popolare. Chi scrive ebbe la fortuna di conoscerlo. Famose furono le sue battaglie per la scuola libera e per la difesa dei lavoratori, con speciale riguardo alle donne.<\/p><p>Nel 1914, non senza sorpresa, si leggevano sul settimanale varesino frasi come queste: &#8220;Oggi [&#8230;] non basta per una madre essere buona massaia [&#8230;]. \u00c8 ben vero che la donna deve amare la casa perch\u00e9 \u00e8 il centro dei suoi affetti, ma deve pure aver certezza della lotta che si combatte nel mondo [&#8230;]. Alle lavoratrici \u00e8 necessario ancora che abbiano conoscenza di tutti i rapporti del proprio mestiere&#8221;.<\/p><p>\u00a0<\/p>\t\t\t\t\t<\/div>\n\t\t\t\t\t\t<\/div>\n\t\t\t\t<\/div>\n\t\t\t\t\t\t<\/div>\n\t\t\t\t\t<\/div>\n\t\t<\/div>\n\t\t\t\t\t\t\t\t<\/div>\n\t\t\t\t\t<\/div>\n\t\t<\/section>\n\t\t\t\t<section class=\"elementor-section elementor-top-section elementor-element elementor-element-3e8b945 elementor-section-boxed elementor-section-height-default elementor-section-height-default\" data-id=\"3e8b945\" data-element_type=\"section\">\n\t\t\t\t\t\t<div class=\"elementor-container elementor-column-gap-default\">\n\t\t\t\t\t\t\t<div class=\"elementor-row\">\n\t\t\t\t\t<div class=\"elementor-column elementor-col-100 elementor-top-column elementor-element elementor-element-ff83629\" data-id=\"ff83629\" data-element_type=\"column\">\n\t\t\t<div class=\"elementor-column-wrap elementor-element-populated\">\n\t\t\t\t\t\t\t<div class=\"elementor-widget-wrap\">\n\t\t\t\t\t\t<div class=\"elementor-element elementor-element-e4bb113 elementor-widget elementor-widget-image\" data-id=\"e4bb113\" data-element_type=\"widget\" data-widget_type=\"image.default\">\n\t\t\t\t<div class=\"elementor-widget-container\">\n\t\t\t\t\t\t\t\t<div class=\"elementor-image\">\n\t\t\t\t\t\t\t\t\t\t\t\t<img width=\"1830\" height=\"2560\" src=\"https:\/\/ancellevarese.it\/carlosonzini\/wp-content\/uploads\/2020\/01\/Famiglia-Cristiana_1997-22-scaled.jpeg\" class=\"attachment-full size-full\" alt=\"Famiglia Cristiana - Quel prete che difendeva le donne\" loading=\"lazy\" srcset=\"https:\/\/ancellevarese.it\/carlosonzini\/wp-content\/uploads\/2020\/01\/Famiglia-Cristiana_1997-22-scaled.jpeg 1830w, https:\/\/ancellevarese.it\/carlosonzini\/wp-content\/uploads\/2020\/01\/Famiglia-Cristiana_1997-22-214x300.jpeg 214w, https:\/\/ancellevarese.it\/carlosonzini\/wp-content\/uploads\/2020\/01\/Famiglia-Cristiana_1997-22-732x1024.jpeg 732w, https:\/\/ancellevarese.it\/carlosonzini\/wp-content\/uploads\/2020\/01\/Famiglia-Cristiana_1997-22-768x1074.jpeg 768w, https:\/\/ancellevarese.it\/carlosonzini\/wp-content\/uploads\/2020\/01\/Famiglia-Cristiana_1997-22-1098x1536.jpeg 1098w, https:\/\/ancellevarese.it\/carlosonzini\/wp-content\/uploads\/2020\/01\/Famiglia-Cristiana_1997-22-1464x2048.jpeg 1464w, https:\/\/ancellevarese.it\/carlosonzini\/wp-content\/uploads\/2020\/01\/Famiglia-Cristiana_1997-22-600x839.jpeg 600w\" sizes=\"(max-width: 1830px) 100vw, 1830px\" \/>\t\t\t\t\t\t\t\t\t\t\t\t\t\t<\/div>\n\t\t\t\t\t\t<\/div>\n\t\t\t\t<\/div>\n\t\t\t\t\t\t<\/div>\n\t\t\t\t\t<\/div>\n\t\t<\/div>\n\t\t\t\t\t\t\t\t<\/div>\n\t\t\t\t\t<\/div>\n\t\t<\/section>\n\t\t\t\t\t\t\t\t\t<\/div>\n\t\t\t<\/div>\n\t\t\t\t\t<\/div>\n\t\t","protected":false},"excerpt":{"rendered":"<p>Quel prete di Varese che difendeva le donne Famiglia Cristiana n. 22\/1997. \u00c8 la storia di un prete che ha raccolto le sfide della modernit\u00e0 e si \u00e8 impegnato a fondo, con il suo carisma di educatore e di abile comunicatore, per la difesa della verit\u00e0 e dei diritti dei pi\u00f9 deboli. Carlo Sonzini (1878-1957) [&hellip;]<\/p>\n","protected":false},"author":1,"featured_media":127,"comment_status":"closed","ping_status":"open","sticky":false,"template":"","format":"standard","meta":[],"categories":[24,17],"tags":[],"yoast_head":"<!-- This site is optimized with the Yoast SEO plugin v19.9 - https:\/\/yoast.com\/wordpress\/plugins\/seo\/ -->\n<title>Quel prete di Varese che difendeva le donne - Carlo Sonzini<\/title>\n<meta name=\"description\" content=\"Recensione del volume &quot;Carlo Sonzini \u2013\u00a0l&#039;apostolo della stampa e della donna&quot; di Silvana ANtonioli e Gianni Cameroni. Famiglia Cristiana n. 22\/1997.\" \/>\n<meta name=\"robots\" content=\"index, follow, max-snippet:-1, max-image-preview:large, max-video-preview:-1\" \/>\n<link rel=\"canonical\" href=\"https:\/\/ancellevarese.it\/carlosonzini\/quel-prete-di-varese-che-difendeva-le-donne\/\" \/>\n<meta property=\"og:locale\" content=\"it_IT\" \/>\n<meta property=\"og:type\" content=\"article\" \/>\n<meta property=\"og:title\" content=\"Quel prete di Varese che difendeva le donne - Carlo Sonzini\" \/>\n<meta property=\"og:description\" content=\"Recensione del volume &quot;Carlo Sonzini \u2013\u00a0l&#039;apostolo della stampa e della donna&quot; di Silvana ANtonioli e Gianni Cameroni. Famiglia Cristiana n. 22\/1997.\" \/>\n<meta property=\"og:url\" content=\"https:\/\/ancellevarese.it\/carlosonzini\/quel-prete-di-varese-che-difendeva-le-donne\/\" \/>\n<meta property=\"og:site_name\" content=\"Carlo Sonzini\" \/>\n<meta property=\"article:published_time\" content=\"1997-10-16T11:44:00+00:00\" \/>\n<meta property=\"article:modified_time\" content=\"2022-07-14T18:30:31+00:00\" \/>\n<meta property=\"og:image\" content=\"https:\/\/ancellevarese.it\/carlosonzini\/wp-content\/uploads\/2020\/01\/Famiglia-Cristiana_1997-22-scaled.jpeg\" \/>\n\t<meta property=\"og:image:width\" content=\"1830\" \/>\n\t<meta property=\"og:image:height\" content=\"2560\" \/>\n\t<meta property=\"og:image:type\" content=\"image\/jpeg\" \/>\n<meta name=\"author\" content=\"Redazione\" \/>\n<meta name=\"twitter:card\" content=\"summary_large_image\" \/>\n<meta name=\"twitter:label1\" content=\"Scritto da\" \/>\n\t<meta name=\"twitter:data1\" content=\"Redazione\" \/>\n\t<meta name=\"twitter:label2\" content=\"Tempo di lettura stimato\" \/>\n\t<meta name=\"twitter:data2\" content=\"1 minuto\" \/>\n<script type=\"application\/ld+json\" class=\"yoast-schema-graph\">{\"@context\":\"https:\/\/schema.org\",\"@graph\":[{\"@type\":\"WebPage\",\"@id\":\"https:\/\/ancellevarese.it\/carlosonzini\/quel-prete-di-varese-che-difendeva-le-donne\/\",\"url\":\"https:\/\/ancellevarese.it\/carlosonzini\/quel-prete-di-varese-che-difendeva-le-donne\/\",\"name\":\"Quel prete di Varese che difendeva le donne - Carlo Sonzini\",\"isPartOf\":{\"@id\":\"https:\/\/ancellevarese.it\/carlosonzini\/#website\"},\"datePublished\":\"1997-10-16T11:44:00+00:00\",\"dateModified\":\"2022-07-14T18:30:31+00:00\",\"author\":{\"@id\":\"https:\/\/ancellevarese.it\/carlosonzini\/#\/schema\/person\/c13ec43675007c56ff389daa6840c24b\"},\"description\":\"Recensione del volume \\\"Carlo Sonzini \u2013\u00a0l'apostolo della stampa e della donna\\\" di Silvana ANtonioli e Gianni Cameroni. Famiglia Cristiana n. 22\/1997.\",\"breadcrumb\":{\"@id\":\"https:\/\/ancellevarese.it\/carlosonzini\/quel-prete-di-varese-che-difendeva-le-donne\/#breadcrumb\"},\"inLanguage\":\"it-IT\",\"potentialAction\":[{\"@type\":\"ReadAction\",\"target\":[\"https:\/\/ancellevarese.it\/carlosonzini\/quel-prete-di-varese-che-difendeva-le-donne\/\"]}]},{\"@type\":\"BreadcrumbList\",\"@id\":\"https:\/\/ancellevarese.it\/carlosonzini\/quel-prete-di-varese-che-difendeva-le-donne\/#breadcrumb\",\"itemListElement\":[{\"@type\":\"ListItem\",\"position\":1,\"name\":\"Home\",\"item\":\"https:\/\/ancellevarese.it\/carlosonzini\/\"},{\"@type\":\"ListItem\",\"position\":2,\"name\":\"Quel prete di Varese che difendeva le donne\"}]},{\"@type\":\"WebSite\",\"@id\":\"https:\/\/ancellevarese.it\/carlosonzini\/#website\",\"url\":\"https:\/\/ancellevarese.it\/carlosonzini\/\",\"name\":\"Carlo Sonzini\",\"description\":\"Educatore, Giornalista e fondatore delle Suore Ancelle di San Giuseppe\",\"potentialAction\":[{\"@type\":\"SearchAction\",\"target\":{\"@type\":\"EntryPoint\",\"urlTemplate\":\"https:\/\/ancellevarese.it\/carlosonzini\/?s={search_term_string}\"},\"query-input\":\"required name=search_term_string\"}],\"inLanguage\":\"it-IT\"},{\"@type\":\"Person\",\"@id\":\"https:\/\/ancellevarese.it\/carlosonzini\/#\/schema\/person\/c13ec43675007c56ff389daa6840c24b\",\"name\":\"Redazione\",\"image\":{\"@type\":\"ImageObject\",\"inLanguage\":\"it-IT\",\"@id\":\"https:\/\/ancellevarese.it\/carlosonzini\/#\/schema\/person\/image\/\",\"url\":\"https:\/\/secure.gravatar.com\/avatar\/3cbe538881ca51274036a15eef4b647a?s=96&d=mm&r=g\",\"contentUrl\":\"https:\/\/secure.gravatar.com\/avatar\/3cbe538881ca51274036a15eef4b647a?s=96&d=mm&r=g\",\"caption\":\"Redazione\"},\"url\":\"https:\/\/ancellevarese.it\/carlosonzini\/author\/cristiano\/\"}]}<\/script>\n<!-- \/ Yoast SEO plugin. -->","yoast_head_json":{"title":"Quel prete di Varese che difendeva le donne - Carlo Sonzini","description":"Recensione del volume \"Carlo Sonzini \u2013\u00a0l'apostolo della stampa e della donna\" di Silvana ANtonioli e Gianni Cameroni. Famiglia Cristiana n. 22\/1997.","robots":{"index":"index","follow":"follow","max-snippet":"max-snippet:-1","max-image-preview":"max-image-preview:large","max-video-preview":"max-video-preview:-1"},"canonical":"https:\/\/ancellevarese.it\/carlosonzini\/quel-prete-di-varese-che-difendeva-le-donne\/","og_locale":"it_IT","og_type":"article","og_title":"Quel prete di Varese che difendeva le donne - Carlo Sonzini","og_description":"Recensione del volume \"Carlo Sonzini \u2013\u00a0l'apostolo della stampa e della donna\" di Silvana ANtonioli e Gianni Cameroni. Famiglia Cristiana n. 22\/1997.","og_url":"https:\/\/ancellevarese.it\/carlosonzini\/quel-prete-di-varese-che-difendeva-le-donne\/","og_site_name":"Carlo Sonzini","article_published_time":"1997-10-16T11:44:00+00:00","article_modified_time":"2022-07-14T18:30:31+00:00","og_image":[{"width":1830,"height":2560,"url":"https:\/\/ancellevarese.it\/carlosonzini\/wp-content\/uploads\/2020\/01\/Famiglia-Cristiana_1997-22-scaled.jpeg","type":"image\/jpeg"}],"author":"Redazione","twitter_card":"summary_large_image","twitter_misc":{"Scritto da":"Redazione","Tempo di lettura stimato":"1 minuto"},"schema":{"@context":"https:\/\/schema.org","@graph":[{"@type":"WebPage","@id":"https:\/\/ancellevarese.it\/carlosonzini\/quel-prete-di-varese-che-difendeva-le-donne\/","url":"https:\/\/ancellevarese.it\/carlosonzini\/quel-prete-di-varese-che-difendeva-le-donne\/","name":"Quel prete di Varese che difendeva le donne - Carlo Sonzini","isPartOf":{"@id":"https:\/\/ancellevarese.it\/carlosonzini\/#website"},"datePublished":"1997-10-16T11:44:00+00:00","dateModified":"2022-07-14T18:30:31+00:00","author":{"@id":"https:\/\/ancellevarese.it\/carlosonzini\/#\/schema\/person\/c13ec43675007c56ff389daa6840c24b"},"description":"Recensione del volume \"Carlo Sonzini \u2013\u00a0l'apostolo della stampa e della donna\" di Silvana ANtonioli e Gianni Cameroni. Famiglia Cristiana n. 22\/1997.","breadcrumb":{"@id":"https:\/\/ancellevarese.it\/carlosonzini\/quel-prete-di-varese-che-difendeva-le-donne\/#breadcrumb"},"inLanguage":"it-IT","potentialAction":[{"@type":"ReadAction","target":["https:\/\/ancellevarese.it\/carlosonzini\/quel-prete-di-varese-che-difendeva-le-donne\/"]}]},{"@type":"BreadcrumbList","@id":"https:\/\/ancellevarese.it\/carlosonzini\/quel-prete-di-varese-che-difendeva-le-donne\/#breadcrumb","itemListElement":[{"@type":"ListItem","position":1,"name":"Home","item":"https:\/\/ancellevarese.it\/carlosonzini\/"},{"@type":"ListItem","position":2,"name":"Quel prete di Varese che difendeva le donne"}]},{"@type":"WebSite","@id":"https:\/\/ancellevarese.it\/carlosonzini\/#website","url":"https:\/\/ancellevarese.it\/carlosonzini\/","name":"Carlo Sonzini","description":"Educatore, Giornalista e fondatore delle Suore Ancelle di San Giuseppe","potentialAction":[{"@type":"SearchAction","target":{"@type":"EntryPoint","urlTemplate":"https:\/\/ancellevarese.it\/carlosonzini\/?s={search_term_string}"},"query-input":"required name=search_term_string"}],"inLanguage":"it-IT"},{"@type":"Person","@id":"https:\/\/ancellevarese.it\/carlosonzini\/#\/schema\/person\/c13ec43675007c56ff389daa6840c24b","name":"Redazione","image":{"@type":"ImageObject","inLanguage":"it-IT","@id":"https:\/\/ancellevarese.it\/carlosonzini\/#\/schema\/person\/image\/","url":"https:\/\/secure.gravatar.com\/avatar\/3cbe538881ca51274036a15eef4b647a?s=96&d=mm&r=g","contentUrl":"https:\/\/secure.gravatar.com\/avatar\/3cbe538881ca51274036a15eef4b647a?s=96&d=mm&r=g","caption":"Redazione"},"url":"https:\/\/ancellevarese.it\/carlosonzini\/author\/cristiano\/"}]}},"jetpack_featured_media_url":"https:\/\/ancellevarese.it\/carlosonzini\/wp-content\/uploads\/2020\/01\/Famiglia-Cristiana_1997-22-scaled.jpeg","_links":{"self":[{"href":"https:\/\/ancellevarese.it\/carlosonzini\/wp-json\/wp\/v2\/posts\/126"}],"collection":[{"href":"https:\/\/ancellevarese.it\/carlosonzini\/wp-json\/wp\/v2\/posts"}],"about":[{"href":"https:\/\/ancellevarese.it\/carlosonzini\/wp-json\/wp\/v2\/types\/post"}],"author":[{"embeddable":true,"href":"https:\/\/ancellevarese.it\/carlosonzini\/wp-json\/wp\/v2\/users\/1"}],"replies":[{"embeddable":true,"href":"https:\/\/ancellevarese.it\/carlosonzini\/wp-json\/wp\/v2\/comments?post=126"}],"version-history":[{"count":7,"href":"https:\/\/ancellevarese.it\/carlosonzini\/wp-json\/wp\/v2\/posts\/126\/revisions"}],"predecessor-version":[{"id":134,"href":"https:\/\/ancellevarese.it\/carlosonzini\/wp-json\/wp\/v2\/posts\/126\/revisions\/134"}],"wp:featuredmedia":[{"embeddable":true,"href":"https:\/\/ancellevarese.it\/carlosonzini\/wp-json\/wp\/v2\/media\/127"}],"wp:attachment":[{"href":"https:\/\/ancellevarese.it\/carlosonzini\/wp-json\/wp\/v2\/media?parent=126"}],"wp:term":[{"taxonomy":"category","embeddable":true,"href":"https:\/\/ancellevarese.it\/carlosonzini\/wp-json\/wp\/v2\/categories?post=126"},{"taxonomy":"post_tag","embeddable":true,"href":"https:\/\/ancellevarese.it\/carlosonzini\/wp-json\/wp\/v2\/tags?post=126"}],"curies":[{"name":"wp","href":"https:\/\/api.w.org\/{rel}","templated":true}]}}